{"id":894,"date":"2026-02-09T14:17:56","date_gmt":"2026-02-09T13:17:56","guid":{"rendered":"https:\/\/cis-moll.me\/?p=894"},"modified":"2026-04-13T23:41:34","modified_gmt":"2026-04-13T21:41:34","slug":"the-watchmen","status":"publish","type":"post","link":"https:\/\/cis-moll.me\/?p=894","title":{"rendered":"The Watchmen"},"content":{"rendered":"\n<p class=\"has-tertiary-color has-text-color has-link-color wp-elements-1 wp-block-paragraph\"><em>Vor kurzem habe ich auf Bluesky einen Post<em> gelesen,<\/em> zum Thema passive Sprache und das Problem dahinter. Der Inhalt war simpel. Die Posterin hat darauf hingewiesen, dass wir von Gewalt an Frauen sprechen und nicht von m\u00e4nnlicher Gewalt gegen Frauen. Sie nannte noch andere Beispiele. Bei allen war die Verschiebung die Gleiche. Sch\u00e4den, Verletzungen, Rechtsbr\u00fcche, Grenz\u00fcberschreitungen die von M\u00e4nnern, gro\u00df bis klein, begangen wurden, wurden zwar als Problem erkannt und eingefasst, aber nicht aus Perspektive der T\u00e4ter, sondern aus der Opferperspektive.<\/em><\/p>\n\n\n\n<p class=\"wp-block-paragraph\">Diese Strategie oder um es weniger verschw\u00f6rungsm\u00e4\u00dfig zu sagen, verinnerlichte Praxis, gibt es in vielen Bereichen. Meist sind das Bereiche, wo eine Mehrheit oder andere Gruppen die sich Meinungsmacht leisten k\u00f6nnen versuchen ein Thema zu kontrollieren. Um notwendige Debatten zu verhindern, oder zu verschieben. Ein Beispiel sind Sch\u00e4den und damit verbundenen Kosten die durch den Autoverkehr entstehen. Meist wird eine Fahrradfahrer:in angefahren. Manchmal wird sie sogar von einem PKW oder LKW angefahren. Selten \u00fcberf\u00e4hrt eine Autofahrer:in eine Fahrradfahrer:in. Oder Polizeigewalt. Da wird ein Mann bei einer Kontrolle verletzt. Nicht: Polizei misshandelt Mann bei Kontrolle. Und so sprechen wir auch \u00fcber m\u00e4nnliche Gewalt.<\/p>\n\n\n\n<h3 class=\"wp-block-heading\">Thema: Vergewaltigung.<\/h3>\n\n\n\n<p class=\"wp-block-paragraph\">Eine Frau wurde vergewaltigt.<br><strong>Nicht: Ein Mann hat eine Frau vergewaltigt.<\/strong><\/p>\n\n\n\n<h3 class=\"wp-block-heading\">Thema: Bel\u00e4stigung<\/h3>\n\n\n\n<p class=\"wp-block-paragraph\">Eine Teenagerin wurde bel\u00e4stigt.<br><strong>Nicht: Ein Junge hat ein M\u00e4dchen bel\u00e4stigt.<\/strong><\/p>\n\n\n\n<h3 class=\"wp-block-heading\">Thema: H\u00e4usliche Gewalt<\/h3>\n\n\n\n<p class=\"wp-block-paragraph\">Eine Frau von ihrem Mann misshandelt.<br><strong>Nicht: Ein Mann hat seine Frau misshandelt.<\/strong><\/p>\n\n\n\n<p class=\"wp-block-paragraph\">Was wie ein Kleinigkeit wirkt, ein Satzbauthema, ist in Wirklichkeit eine hinterlistig pr\u00e4zise Fokusverschiebung. Die Rolle der Frau wird problematisiert. Und dann stellen wir uns als Gesellschaft \u2013 wenn \u00fcberhaupt \u2013 betroffen die Frage: Wie kommt es dazu dass Frauen so oft zu Opfern werden?<\/p>\n\n\n\n<p class=\"wp-block-paragraph\">Die Antwort ist so einfach wie schlimm. Sie werden zu Opfern gemacht. Von M\u00e4nnern. Das Problem ist nur, allein diese Antwort formulieren zu m\u00fcssen, ist genug Ablenkung. Denn durch die Fokusverschiebung stellen wir \u2013 vielleicht gut gemeint \u2013 bereits die falsche Frage.<\/p>\n\n\n\n<p class=\"wp-block-paragraph\"><strong><mark style=\"background-color:rgba(0, 0, 0, 0)\" class=\"has-inline-color has-primary-color\">Die richtige Frage ist: Wie kommt es, dass so viele M\u00e4nner zu T\u00e4tern werden? <\/mark><\/strong><\/p>\n\n\n\n<p class=\"wp-block-paragraph\">Hups, was jetzt? Ist die Antwort auf diese Frage genauso einfach zu beantworten? Viele sagen ja. Viele sagen, das kann man doch nicht verallgemeinern. Das sind ja nicht alle M\u00e4nner. #notallmen Vorsicht, Blendgranatenalarm.<\/p>\n\n\n\n<h2 class=\"wp-block-heading\">Warum werden so viele M\u00e4nner zu T\u00e4tern?<\/h2>\n\n\n\n<p class=\"wp-block-paragraph\">Was ist da im Wasser? Was in der Muttermilch? Was im Umfeld? Wer auf die Idee kommen sollte, dass es evtl. die Natur ist, die m\u00e4nnliche, siehe hier: <\/p>\n\n\n\n<p class=\"wp-block-paragraph\"><mark style=\"background-color:rgba(0, 0, 0, 0)\" class=\"has-inline-color has-secondary-color\">\u2192 <\/mark><a href=\"https:\/\/cis-moll.me\/?p=888\" data-type=\"post\" data-id=\"888\"><mark style=\"background-color:rgba(0, 0, 0, 0)\" class=\"has-inline-color has-secondary-color\">Penis is as Penis does.<\/mark><\/a><\/p>\n\n\n\n<p class=\"wp-block-paragraph\">Das y-Chromosom ist es also schon mal nicht. Das ganze Natur-Argument ist schwer ernst zu nehmen, wenn fast alle gesellschaftlichen Riten, Traditionen, Normen, an die wir uns so bitterlich klammern ein Produkt der letzten einhundert, zweihundert Jahre sind.<\/p>\n\n\n\n<p class=\"wp-block-paragraph\">Das Natur-Argument ist in dem Moment gestorben, in dem du dich entschieden hast morgens angezogen aus dem Haus zu gehen.<br>Also, nochmal: Warum werden so viele M\u00e4nner zu T\u00e4tern?<br>Was sind die Ideen, die Vorstellungen, die Bed\u00fcrfnisse, die M\u00e4nner zu T\u00e4tern machen? Wo kommen die her?<\/p>\n\n\n\n<p class=\"wp-block-paragraph\">Aktuell setzen sich mit dieser Frage fast nur Feministinnen auseinander. Was verst\u00e4ndlich ist. Sie sind die Opfer. Sie sind es, die in Gefahr sind. Zuhause, auf Arbeit, im \u00f6ffentlichen Raum, bei Veranstaltungen, bei Festen, in der Bahn, in der Warteschlange bei ALDI \u2026<\/p>\n\n\n\n<p class=\"wp-block-paragraph\">M\u00e4nner schweigen. Bequem. Aus Ignoranz? Aus Desinteresse? Zudem scheint es unter M\u00e4nnern eine weit verbreitete Angst zu geben, sich diese Frage zu stellen. Das k\u00f6nnen wir ja gemeinsam tun. Nur eins ist wichtig, es geht hier nicht um irgendeinen kritischen M\u00e4nnlichkeits-Schei\u00df und kein, buhuhu, wir sind doch die Opfer \u00fcber die niemand spricht. <strong><mark style=\"background-color:rgba(0, 0, 0, 0)\" class=\"has-inline-color has-primary-color\">Das ist nicht das Thema.<\/mark><\/strong> Ja, M\u00e4nner k\u00f6nnen auch Opfer sein. Ja, M\u00e4nner k\u00f6nnen auch diskriminiert werden \u2013 gerade wenn sie nicht wei\u00df sind. Ja, M\u00e4nner sind auch unter den Unterdr\u00fcckten zu finden. Aber selbst dann, von wem geht die Unterdr\u00fcckung, die Diskriminierung, die Gewalt fast immer aus? Richtig.<br>Und hier sind wir wieder. Back Again. Same old story, same old question:<\/p>\n\n\n\n<h3 class=\"wp-block-heading\"><strong>Warum werden so viele M\u00e4nner zu T\u00e4tern?<\/strong><\/h3>\n\n\n\n<p class=\"wp-block-paragraph\">Wird es nicht Zeit, diese Frage endlich zu beantworten. Ehrlich. Schonungslos. Gemeinsam?<\/p>\n\n\n\n<p class=\"wp-block-paragraph\">Ich sage nicht, dass diese Frage nicht diskutiert wird. Ich sage nicht, dass es auf diese Frage nicht schon einen Haufen guter Antworten gibt. Ich sage nur, dass es Zeit wird, nicht nur daneben zu stehen, still, und zuzusehen, wie Personen sich an dieser Frage und an der L\u00f6sung des Problems abarbeiten. W\u00e4hrend die Mehrzahl schweigt. Die M\u00e4nner. Die im Zentrum stehen. Die allein in der Lage sind, eine \u00c4nderung herbeizuf\u00fchren, weil sie es sind, die sich \u00e4ndern m\u00fcssen. Das ist schwer. Denn es fordert einzugestehen, was man vielleicht selbst getan hat. Was der eigene Anteil ist. Aber jetzt kommt der entscheidende Punkt. Diese Frage dient nicht der Anklage, sondern der Selbsterkenntnis. Denn die Selbsterkenntnis f\u00fchrt zur Emanzipation von den Umst\u00e4nden und Strukturen, den Glaubenss\u00e4tzen und Bed\u00fcrfnissen, die zentraler Teil, Antrieb des Problems sind. Zur Anklage dienen die Fakten. <\/p>\n\n\n\n<p class=\"wp-block-paragraph\">Schluss mit zusehen.<\/p>\n","protected":false},"excerpt":{"rendered":"<p>Vor kurzem habe ich auf Bluesky einen Post gelesen, zum Thema passive Sprache und das Problem dahinter. Der Inhalt war simpel. Die Posterin hat darauf hingewiesen, dass wir von Gewalt an Frauen sprechen und nicht von m\u00e4nnlicher Gewalt gegen Frauen. Sie nannte noch andere Beispiele. Bei allen war die Verschiebung die Gleiche. Sch\u00e4den, Verletzungen, Rechtsbr\u00fcche, [&hellip;]<\/p>\n","protected":false},"author":1,"featured_media":900,"comment_status":"closed","ping_status":"open","sticky":false,"template":"","format":"standard","meta":{"footnotes":""},"categories":[26,30],"tags":[],"class_list":["post-894","post","type-post","status-publish","format-standard","has-post-thumbnail","hentry","category-groll","category-uff"],"_links":{"self":[{"href":"https:\/\/cis-moll.me\/index.php?rest_route=\/wp\/v2\/posts\/894","targetHints":{"allow":["GET"]}}],"collection":[{"href":"https:\/\/cis-moll.me\/index.php?rest_route=\/wp\/v2\/posts"}],"about":[{"href":"https:\/\/cis-moll.me\/index.php?rest_route=\/wp\/v2\/types\/post"}],"author":[{"embeddable":true,"href":"https:\/\/cis-moll.me\/index.php?rest_route=\/wp\/v2\/users\/1"}],"replies":[{"embeddable":true,"href":"https:\/\/cis-moll.me\/index.php?rest_route=%2Fwp%2Fv2%2Fcomments&post=894"}],"version-history":[{"count":11,"href":"https:\/\/cis-moll.me\/index.php?rest_route=\/wp\/v2\/posts\/894\/revisions"}],"predecessor-version":[{"id":1169,"href":"https:\/\/cis-moll.me\/index.php?rest_route=\/wp\/v2\/posts\/894\/revisions\/1169"}],"wp:featuredmedia":[{"embeddable":true,"href":"https:\/\/cis-moll.me\/index.php?rest_route=\/wp\/v2\/media\/900"}],"wp:attachment":[{"href":"https:\/\/cis-moll.me\/index.php?rest_route=%2Fwp%2Fv2%2Fmedia&parent=894"}],"wp:term":[{"taxonomy":"category","embeddable":true,"href":"https:\/\/cis-moll.me\/index.php?rest_route=%2Fwp%2Fv2%2Fcategories&post=894"},{"taxonomy":"post_tag","embeddable":true,"href":"https:\/\/cis-moll.me\/index.php?rest_route=%2Fwp%2Fv2%2Ftags&post=894"}],"curies":[{"name":"wp","href":"https:\/\/api.w.org\/{rel}","templated":true}]}}